{"id":8597,"date":"2017-07-04T14:45:32","date_gmt":"2017-07-04T11:45:32","guid":{"rendered":"https:\/\/cook.com.tr\/projet-de-la-solidarite-de-la-saveur-pour-la-maison-familiale\/"},"modified":"2017-07-04T14:45:32","modified_gmt":"2017-07-04T11:45:32","slug":"projet-de-la-solidarite-de-la-saveur-pour-la-maison-familiale","status":"publish","type":"post","link":"https:\/\/cook.com.tr\/fr\/projet-de-la-solidarite-de-la-saveur-pour-la-maison-familiale\/","title":{"rendered":"Projet de la Solidarit\u00e9 de la Saveur pour la Maison\u2026"},"content":{"rendered":"<p>L\u2019\u00e9v\u00e8nement \u00ab Solidarit\u00e9 de la Saveur pour la Maison Familiale \u00bb a \u00e9t\u00e9 organis\u00e9 par La Fondation de l\u2019Espoir pour les enfants atteint du cancer au Centre Commercial Istinye Park le 17 Novembre avec le soutien des chefs connus et de Derya Baykal au profit du projet \u00ab la Maison de la Famille \u00bb en service d\u2019h\u00e9bergement des enfants malades en traitement \u00e0 Istanbul et de leur famille. Nous sommes extr\u00eamement fier d\u2019avoir particip\u00e9 \u00e0 l\u2019\u00e9v\u00e8nement \u00ab Solidarit\u00e9 de la Saveur pour la Maison Familiale \u00bb avec nos produits de marque COOK en tant que famille Sedat Tahir A.\u015e.<\/p>\n","protected":false},"excerpt":{"rendered":"<p>L\u2019\u00e9v\u00e8nement \u00ab Solidarit\u00e9 de la Saveur pour la Maison Familiale \u00bb a \u00e9t\u00e9 organis\u00e9 par La Fondation de l\u2019Espoir pour les enfants atteint du cancer au Centre Commercial Istinye Park le 17 Novembre avec le soutien des chefs connus et\u2026<\/p>\n","protected":false},"author":3,"featured_media":8598,"comment_status":"closed","ping_status":"closed","sticky":false,"template":"","format":"standard","meta":{"footnotes":""},"categories":[246],"tags":[],"class_list":["post-8597","post","type-post","status-publish","format-standard","has-post-thumbnail","hentry","category-non-classifiee"],"yoast_head":"<!-- This site is optimized with the Yoast SEO plugin v27.4 - https:\/\/yoast.com\/product\/yoast-seo-wordpress\/ -->\n<title>Projet de la Solidarit\u00e9 de la Saveur pour la Maison\u2026 - COOK T\u00fcketici \u00dcr\u00fcnleri<\/title>\n<meta name=\"robots\" content=\"index, follow, max-snippet:-1, max-image-preview:large, max-video-preview:-1\" \/>\n<link rel=\"canonical\" href=\"https:\/\/cook.com.tr\/fr\/projet-de-la-solidarite-de-la-saveur-pour-la-maison-familiale\/\" \/>\n<meta property=\"og:locale\" content=\"fr_FR\" \/>\n<meta property=\"og:type\" content=\"article\" \/>\n<meta property=\"og:title\" content=\"Projet de la Solidarit\u00e9 de la Saveur pour la Maison\u2026 - COOK T\u00fcketici \u00dcr\u00fcnleri\" \/>\n<meta property=\"og:description\" content=\"L\u2019\u00e9v\u00e8nement \u00ab Solidarit\u00e9 de la Saveur pour la Maison Familiale \u00bb a \u00e9t\u00e9 organis\u00e9 par La Fondation de l\u2019Espoir pour les enfants atteint du cancer au Centre Commercial Istinye Park le 17 Novembre avec le soutien des chefs connus et\u2026\" \/>\n<meta property=\"og:url\" content=\"https:\/\/cook.com.tr\/fr\/projet-de-la-solidarite-de-la-saveur-pour-la-maison-familiale\/\" \/>\n<meta property=\"og:site_name\" content=\"COOK T\u00fcketici \u00dcr\u00fcnleri\" \/>\n<meta property=\"article:published_time\" content=\"2017-07-04T11:45:32+00:00\" \/>\n<meta property=\"og:image\" content=\"https:\/\/cook.com.tr\/wp-content\/uploads\/2021\/01\/aile-evi-header.jpg\" \/>\n\t<meta property=\"og:image:width\" content=\"377\" \/>\n\t<meta property=\"og:image:height\" content=\"160\" \/>\n\t<meta property=\"og:image:type\" content=\"image\/jpeg\" \/>\n<meta name=\"author\" content=\"cook\" \/>\n<meta name=\"twitter:card\" content=\"summary_large_image\" \/>\n<meta name=\"twitter:label1\" content=\"\u00c9crit par\" \/>\n\t<meta name=\"twitter:data1\" content=\"cook\" \/>\n<script type=\"application\/ld+json\" class=\"yoast-schema-graph\">{\"@context\":\"https:\\\/\\\/schema.org\",\"@graph\":[{\"@type\":\"Article\",\"@id\":\"https:\\\/\\\/cook.com.tr\\\/fr\\\/projet-de-la-solidarite-de-la-saveur-pour-la-maison-familiale\\\/#article\",\"isPartOf\":{\"@id\":\"https:\\\/\\\/cook.com.tr\\\/fr\\\/projet-de-la-solidarite-de-la-saveur-pour-la-maison-familiale\\\/\"},\"author\":{\"name\":\"cook\",\"@id\":\"https:\\\/\\\/cook.com.tr\\\/tr\\\/#\\\/schema\\\/person\\\/d0b13caed1de4a1c44216a4df23631c9\"},\"headline\":\"Projet de la Solidarit\u00e9 de la Saveur pour la Maison\u2026\",\"datePublished\":\"2017-07-04T11:45:32+00:00\",\"mainEntityOfPage\":{\"@id\":\"https:\\\/\\\/cook.com.tr\\\/fr\\\/projet-de-la-solidarite-de-la-saveur-pour-la-maison-familiale\\\/\"},\"wordCount\":109,\"publisher\":{\"@id\":\"https:\\\/\\\/cook.com.tr\\\/tr\\\/#organization\"},\"image\":{\"@id\":\"https:\\\/\\\/cook.com.tr\\\/fr\\\/projet-de-la-solidarite-de-la-saveur-pour-la-maison-familiale\\\/#primaryimage\"},\"thumbnailUrl\":\"https:\\\/\\\/cook.com.tr\\\/wp-content\\\/uploads\\\/2021\\\/01\\\/aile-evi-header.jpg\",\"articleSection\":[\"Non classifi\u00e9(e)\"],\"inLanguage\":\"fr-FR\"},{\"@type\":\"WebPage\",\"@id\":\"https:\\\/\\\/cook.com.tr\\\/fr\\\/projet-de-la-solidarite-de-la-saveur-pour-la-maison-familiale\\\/\",\"url\":\"https:\\\/\\\/cook.com.tr\\\/fr\\\/projet-de-la-solidarite-de-la-saveur-pour-la-maison-familiale\\\/\",\"name\":\"Projet de la Solidarit\u00e9 de la Saveur pour la Maison\u2026 - COOK T\u00fcketici \u00dcr\u00fcnleri\",\"isPartOf\":{\"@id\":\"https:\\\/\\\/cook.com.tr\\\/tr\\\/#website\"},\"primaryImageOfPage\":{\"@id\":\"https:\\\/\\\/cook.com.tr\\\/fr\\\/projet-de-la-solidarite-de-la-saveur-pour-la-maison-familiale\\\/#primaryimage\"},\"image\":{\"@id\":\"https:\\\/\\\/cook.com.tr\\\/fr\\\/projet-de-la-solidarite-de-la-saveur-pour-la-maison-familiale\\\/#primaryimage\"},\"thumbnailUrl\":\"https:\\\/\\\/cook.com.tr\\\/wp-content\\\/uploads\\\/2021\\\/01\\\/aile-evi-header.jpg\",\"datePublished\":\"2017-07-04T11:45:32+00:00\",\"breadcrumb\":{\"@id\":\"https:\\\/\\\/cook.com.tr\\\/fr\\\/projet-de-la-solidarite-de-la-saveur-pour-la-maison-familiale\\\/#breadcrumb\"},\"inLanguage\":\"fr-FR\",\"potentialAction\":[{\"@type\":\"ReadAction\",\"target\":[\"https:\\\/\\\/cook.com.tr\\\/fr\\\/projet-de-la-solidarite-de-la-saveur-pour-la-maison-familiale\\\/\"]}]},{\"@type\":\"ImageObject\",\"inLanguage\":\"fr-FR\",\"@id\":\"https:\\\/\\\/cook.com.tr\\\/fr\\\/projet-de-la-solidarite-de-la-saveur-pour-la-maison-familiale\\\/#primaryimage\",\"url\":\"https:\\\/\\\/cook.com.tr\\\/wp-content\\\/uploads\\\/2021\\\/01\\\/aile-evi-header.jpg\",\"contentUrl\":\"https:\\\/\\\/cook.com.tr\\\/wp-content\\\/uploads\\\/2021\\\/01\\\/aile-evi-header.jpg\",\"width\":377,\"height\":160},{\"@type\":\"BreadcrumbList\",\"@id\":\"https:\\\/\\\/cook.com.tr\\\/fr\\\/projet-de-la-solidarite-de-la-saveur-pour-la-maison-familiale\\\/#breadcrumb\",\"itemListElement\":[{\"@type\":\"ListItem\",\"position\":1,\"name\":\"Anasayfa\",\"item\":\"https:\\\/\\\/cook.com.tr\\\/fr\\\/page-daccueil\\\/\"},{\"@type\":\"ListItem\",\"position\":2,\"name\":\"Projet de la Solidarit\u00e9 de la Saveur pour la Maison\u2026\"}]},{\"@type\":\"WebSite\",\"@id\":\"https:\\\/\\\/cook.com.tr\\\/tr\\\/#website\",\"url\":\"https:\\\/\\\/cook.com.tr\\\/tr\\\/\",\"name\":\"COOK T\u00fcketici \u00dcr\u00fcnleri\",\"description\":\"COOK&#039;lu Hayat\",\"publisher\":{\"@id\":\"https:\\\/\\\/cook.com.tr\\\/tr\\\/#organization\"},\"potentialAction\":[{\"@type\":\"SearchAction\",\"target\":{\"@type\":\"EntryPoint\",\"urlTemplate\":\"https:\\\/\\\/cook.com.tr\\\/tr\\\/?s={search_term_string}\"},\"query-input\":{\"@type\":\"PropertyValueSpecification\",\"valueRequired\":true,\"valueName\":\"search_term_string\"}}],\"inLanguage\":\"fr-FR\"},{\"@type\":\"Organization\",\"@id\":\"https:\\\/\\\/cook.com.tr\\\/tr\\\/#organization\",\"name\":\"COOK\",\"url\":\"https:\\\/\\\/cook.com.tr\\\/tr\\\/\",\"logo\":{\"@type\":\"ImageObject\",\"inLanguage\":\"fr-FR\",\"@id\":\"https:\\\/\\\/cook.com.tr\\\/tr\\\/#\\\/schema\\\/logo\\\/image\\\/\",\"url\":\"https:\\\/\\\/cook.com.tr\\\/wp-content\\\/uploads\\\/2021\\\/04\\\/cook-logo-1-2.png\",\"contentUrl\":\"https:\\\/\\\/cook.com.tr\\\/wp-content\\\/uploads\\\/2021\\\/04\\\/cook-logo-1-2.png\",\"width\":113,\"height\":53,\"caption\":\"COOK\"},\"image\":{\"@id\":\"https:\\\/\\\/cook.com.tr\\\/tr\\\/#\\\/schema\\\/logo\\\/image\\\/\"}},{\"@type\":\"Person\",\"@id\":\"https:\\\/\\\/cook.com.tr\\\/tr\\\/#\\\/schema\\\/person\\\/d0b13caed1de4a1c44216a4df23631c9\",\"name\":\"cook\",\"image\":{\"@type\":\"ImageObject\",\"inLanguage\":\"fr-FR\",\"@id\":\"https:\\\/\\\/secure.gravatar.com\\\/avatar\\\/3efe32303f36033b1e763f18118b0c909db4ea8367f022bc998f2b7a15783234?s=96&d=mm&r=g\",\"url\":\"https:\\\/\\\/secure.gravatar.com\\\/avatar\\\/3efe32303f36033b1e763f18118b0c909db4ea8367f022bc998f2b7a15783234?s=96&d=mm&r=g\",\"contentUrl\":\"https:\\\/\\\/secure.gravatar.com\\\/avatar\\\/3efe32303f36033b1e763f18118b0c909db4ea8367f022bc998f2b7a15783234?s=96&d=mm&r=g\",\"caption\":\"cook\"}}]}<\/script>\n<!-- \/ Yoast SEO plugin. -->","yoast_head_json":{"title":"Projet de la Solidarit\u00e9 de la Saveur pour la Maison\u2026 - COOK T\u00fcketici \u00dcr\u00fcnleri","robots":{"index":"index","follow":"follow","max-snippet":"max-snippet:-1","max-image-preview":"max-image-preview:large","max-video-preview":"max-video-preview:-1"},"canonical":"https:\/\/cook.com.tr\/fr\/projet-de-la-solidarite-de-la-saveur-pour-la-maison-familiale\/","og_locale":"fr_FR","og_type":"article","og_title":"Projet de la Solidarit\u00e9 de la Saveur pour la Maison\u2026 - COOK T\u00fcketici \u00dcr\u00fcnleri","og_description":"L\u2019\u00e9v\u00e8nement \u00ab Solidarit\u00e9 de la Saveur pour la Maison Familiale \u00bb a \u00e9t\u00e9 organis\u00e9 par La Fondation de l\u2019Espoir pour les enfants atteint du cancer au Centre Commercial Istinye Park le 17 Novembre avec le soutien des chefs connus et\u2026","og_url":"https:\/\/cook.com.tr\/fr\/projet-de-la-solidarite-de-la-saveur-pour-la-maison-familiale\/","og_site_name":"COOK T\u00fcketici \u00dcr\u00fcnleri","article_published_time":"2017-07-04T11:45:32+00:00","og_image":[{"width":377,"height":160,"url":"https:\/\/cook.com.tr\/wp-content\/uploads\/2021\/01\/aile-evi-header.jpg","type":"image\/jpeg"}],"author":"cook","twitter_card":"summary_large_image","twitter_misc":{"\u00c9crit par":"cook"},"schema":{"@context":"https:\/\/schema.org","@graph":[{"@type":"Article","@id":"https:\/\/cook.com.tr\/fr\/projet-de-la-solidarite-de-la-saveur-pour-la-maison-familiale\/#article","isPartOf":{"@id":"https:\/\/cook.com.tr\/fr\/projet-de-la-solidarite-de-la-saveur-pour-la-maison-familiale\/"},"author":{"name":"cook","@id":"https:\/\/cook.com.tr\/tr\/#\/schema\/person\/d0b13caed1de4a1c44216a4df23631c9"},"headline":"Projet de la Solidarit\u00e9 de la Saveur pour la Maison\u2026","datePublished":"2017-07-04T11:45:32+00:00","mainEntityOfPage":{"@id":"https:\/\/cook.com.tr\/fr\/projet-de-la-solidarite-de-la-saveur-pour-la-maison-familiale\/"},"wordCount":109,"publisher":{"@id":"https:\/\/cook.com.tr\/tr\/#organization"},"image":{"@id":"https:\/\/cook.com.tr\/fr\/projet-de-la-solidarite-de-la-saveur-pour-la-maison-familiale\/#primaryimage"},"thumbnailUrl":"https:\/\/cook.com.tr\/wp-content\/uploads\/2021\/01\/aile-evi-header.jpg","articleSection":["Non classifi\u00e9(e)"],"inLanguage":"fr-FR"},{"@type":"WebPage","@id":"https:\/\/cook.com.tr\/fr\/projet-de-la-solidarite-de-la-saveur-pour-la-maison-familiale\/","url":"https:\/\/cook.com.tr\/fr\/projet-de-la-solidarite-de-la-saveur-pour-la-maison-familiale\/","name":"Projet de la Solidarit\u00e9 de la Saveur pour la Maison\u2026 - COOK T\u00fcketici \u00dcr\u00fcnleri","isPartOf":{"@id":"https:\/\/cook.com.tr\/tr\/#website"},"primaryImageOfPage":{"@id":"https:\/\/cook.com.tr\/fr\/projet-de-la-solidarite-de-la-saveur-pour-la-maison-familiale\/#primaryimage"},"image":{"@id":"https:\/\/cook.com.tr\/fr\/projet-de-la-solidarite-de-la-saveur-pour-la-maison-familiale\/#primaryimage"},"thumbnailUrl":"https:\/\/cook.com.tr\/wp-content\/uploads\/2021\/01\/aile-evi-header.jpg","datePublished":"2017-07-04T11:45:32+00:00","breadcrumb":{"@id":"https:\/\/cook.com.tr\/fr\/projet-de-la-solidarite-de-la-saveur-pour-la-maison-familiale\/#breadcrumb"},"inLanguage":"fr-FR","potentialAction":[{"@type":"ReadAction","target":["https:\/\/cook.com.tr\/fr\/projet-de-la-solidarite-de-la-saveur-pour-la-maison-familiale\/"]}]},{"@type":"ImageObject","inLanguage":"fr-FR","@id":"https:\/\/cook.com.tr\/fr\/projet-de-la-solidarite-de-la-saveur-pour-la-maison-familiale\/#primaryimage","url":"https:\/\/cook.com.tr\/wp-content\/uploads\/2021\/01\/aile-evi-header.jpg","contentUrl":"https:\/\/cook.com.tr\/wp-content\/uploads\/2021\/01\/aile-evi-header.jpg","width":377,"height":160},{"@type":"BreadcrumbList","@id":"https:\/\/cook.com.tr\/fr\/projet-de-la-solidarite-de-la-saveur-pour-la-maison-familiale\/#breadcrumb","itemListElement":[{"@type":"ListItem","position":1,"name":"Anasayfa","item":"https:\/\/cook.com.tr\/fr\/page-daccueil\/"},{"@type":"ListItem","position":2,"name":"Projet de la Solidarit\u00e9 de la Saveur pour la Maison\u2026"}]},{"@type":"WebSite","@id":"https:\/\/cook.com.tr\/tr\/#website","url":"https:\/\/cook.com.tr\/tr\/","name":"COOK T\u00fcketici \u00dcr\u00fcnleri","description":"COOK&#039;lu Hayat","publisher":{"@id":"https:\/\/cook.com.tr\/tr\/#organization"},"potentialAction":[{"@type":"SearchAction","target":{"@type":"EntryPoint","urlTemplate":"https:\/\/cook.com.tr\/tr\/?s={search_term_string}"},"query-input":{"@type":"PropertyValueSpecification","valueRequired":true,"valueName":"search_term_string"}}],"inLanguage":"fr-FR"},{"@type":"Organization","@id":"https:\/\/cook.com.tr\/tr\/#organization","name":"COOK","url":"https:\/\/cook.com.tr\/tr\/","logo":{"@type":"ImageObject","inLanguage":"fr-FR","@id":"https:\/\/cook.com.tr\/tr\/#\/schema\/logo\/image\/","url":"https:\/\/cook.com.tr\/wp-content\/uploads\/2021\/04\/cook-logo-1-2.png","contentUrl":"https:\/\/cook.com.tr\/wp-content\/uploads\/2021\/04\/cook-logo-1-2.png","width":113,"height":53,"caption":"COOK"},"image":{"@id":"https:\/\/cook.com.tr\/tr\/#\/schema\/logo\/image\/"}},{"@type":"Person","@id":"https:\/\/cook.com.tr\/tr\/#\/schema\/person\/d0b13caed1de4a1c44216a4df23631c9","name":"cook","image":{"@type":"ImageObject","inLanguage":"fr-FR","@id":"https:\/\/secure.gravatar.com\/avatar\/3efe32303f36033b1e763f18118b0c909db4ea8367f022bc998f2b7a15783234?s=96&d=mm&r=g","url":"https:\/\/secure.gravatar.com\/avatar\/3efe32303f36033b1e763f18118b0c909db4ea8367f022bc998f2b7a15783234?s=96&d=mm&r=g","contentUrl":"https:\/\/secure.gravatar.com\/avatar\/3efe32303f36033b1e763f18118b0c909db4ea8367f022bc998f2b7a15783234?s=96&d=mm&r=g","caption":"cook"}}]}},"_links":{"self":[{"href":"https:\/\/cook.com.tr\/fr\/wp-json\/wp\/v2\/posts\/8597","targetHints":{"allow":["GET"]}}],"collection":[{"href":"https:\/\/cook.com.tr\/fr\/wp-json\/wp\/v2\/posts"}],"about":[{"href":"https:\/\/cook.com.tr\/fr\/wp-json\/wp\/v2\/types\/post"}],"author":[{"embeddable":true,"href":"https:\/\/cook.com.tr\/fr\/wp-json\/wp\/v2\/users\/3"}],"replies":[{"embeddable":true,"href":"https:\/\/cook.com.tr\/fr\/wp-json\/wp\/v2\/comments?post=8597"}],"version-history":[{"count":0,"href":"https:\/\/cook.com.tr\/fr\/wp-json\/wp\/v2\/posts\/8597\/revisions"}],"wp:featuredmedia":[{"embeddable":true,"href":"https:\/\/cook.com.tr\/fr\/wp-json\/wp\/v2\/media\/8598"}],"wp:attachment":[{"href":"https:\/\/cook.com.tr\/fr\/wp-json\/wp\/v2\/media?parent=8597"}],"wp:term":[{"taxonomy":"category","embeddable":true,"href":"https:\/\/cook.com.tr\/fr\/wp-json\/wp\/v2\/categories?post=8597"},{"taxonomy":"post_tag","embeddable":true,"href":"https:\/\/cook.com.tr\/fr\/wp-json\/wp\/v2\/tags?post=8597"}],"curies":[{"name":"wp","href":"https:\/\/api.w.org\/{rel}","templated":true}]}}